{"id":3911,"date":"2025-08-04T11:02:26","date_gmt":"2025-08-04T08:02:26","guid":{"rendered":"https:\/\/coges.eu\/?p=3911"},"modified":"2025-09-04T11:54:24","modified_gmt":"2025-09-04T08:54:24","slug":"vacances-dete-2025","status":"publish","type":"post","link":"https:\/\/coges.eu\/fr\/blog\/vacances-dete-2025\/","title":{"rendered":"Vacances d\u2019\u00e9t\u00e9 2025"},"content":{"rendered":"<section id=\"written-content-block_9fb14c36c0a3b7c9844e6ae889c18f52\" class=\"block written-content\">\n    <div class=\"container\">\n        <div class=\"row\">\n            <div class=\"col-12\">\n                <p>Nous vous informons que COGES S.p.A. sera ferm\u00e9 pour les vacances d\u2019\u00e9t\u00e9 du 11 au 22 Ao\u00fbt compris.<\/p>\n<p>Pour toutes les urgences techniques vous pouvez envoyer une email \u00e0 <a href=\"mailto:technical.support@coges.eu\">technical.support@coges.eu<\/a> ou bien contacter Herv\u00e9 Raquin sur son portable au num\u00e9ro 0686787019, tous les jours sauf les f\u00e9ri\u00e9s et les week-end, de 10:00 heures \u00e0 15:00 heures.<\/p>\n<p>Le Service Technique Clients vous souhaite bonnes vacances.<\/p>\n            <\/div>\n        <\/div>\n    <\/div>\n<\/section>\n","protected":false},"excerpt":{"rendered":"","protected":false},"author":3,"featured_media":3851,"comment_status":"closed","ping_status":"closed","sticky":false,"template":"","format":"standard","meta":{"_acf_changed":false,"footnotes":""},"categories":[43],"tags":[],"class_list":["post-3911","post","type-post","status-publish","format-standard","has-post-thumbnail","hentry","category-article-fr"],"acf":[],"yoast_head":"<!-- This site is optimized with the Yoast SEO plugin v27.5 - https:\/\/yoast.com\/product\/yoast-seo-wordpress\/ -->\n<title>Vacances d\u2019\u00e9t\u00e9 2025 - Coges<\/title>\n<meta name=\"robots\" content=\"index, follow, max-snippet:-1, max-image-preview:large, max-video-preview:-1\" \/>\n<link rel=\"canonical\" href=\"https:\/\/coges.eu\/fr\/blog\/vacances-dete-2025\/\" \/>\n<meta property=\"og:locale\" content=\"fr_FR\" \/>\n<meta property=\"og:type\" content=\"article\" \/>\n<meta property=\"og:title\" content=\"Vacances d\u2019\u00e9t\u00e9 2025 - Coges\" \/>\n<meta property=\"og:url\" content=\"https:\/\/coges.eu\/fr\/blog\/vacances-dete-2025\/\" \/>\n<meta property=\"og:site_name\" content=\"Coges\" \/>\n<meta property=\"article:published_time\" content=\"2025-08-04T08:02:26+00:00\" \/>\n<meta property=\"article:modified_time\" content=\"2025-09-04T08:54:24+00:00\" \/>\n<meta property=\"og:image\" content=\"https:\/\/coges.eu\/wp-content\/uploads\/2025\/07\/summer-1.png\" \/>\n\t<meta property=\"og:image:width\" content=\"1000\" \/>\n\t<meta property=\"og:image:height\" content=\"563\" \/>\n\t<meta property=\"og:image:type\" content=\"image\/png\" \/>\n<meta name=\"author\" content=\"luca\" \/>\n<meta name=\"twitter:card\" content=\"summary_large_image\" \/>\n<meta name=\"twitter:label1\" content=\"\u00c9crit par\" \/>\n\t<meta name=\"twitter:data1\" content=\"luca\" \/>\n\t<meta name=\"twitter:label2\" content=\"Dur\u00e9e de lecture estim\u00e9e\" \/>\n\t<meta name=\"twitter:data2\" content=\"1 minute\" \/>\n<script type=\"application\/ld+json\" class=\"yoast-schema-graph\">{\"@context\":\"https:\\\/\\\/schema.org\",\"@graph\":[{\"@type\":\"Article\",\"@id\":\"https:\\\/\\\/coges.eu\\\/fr\\\/blog\\\/vacances-dete-2025\\\/#article\",\"isPartOf\":{\"@id\":\"https:\\\/\\\/coges.eu\\\/fr\\\/blog\\\/vacances-dete-2025\\\/\"},\"author\":{\"name\":\"luca\",\"@id\":\"https:\\\/\\\/coges.eu\\\/fr\\\/#\\\/schema\\\/person\\\/3071e2a7a41a5f6e74351c25dfc72f17\"},\"headline\":\"Vacances d\u2019\u00e9t\u00e9 2025\",\"datePublished\":\"2025-08-04T08:02:26+00:00\",\"dateModified\":\"2025-09-04T08:54:24+00:00\",\"mainEntityOfPage\":{\"@id\":\"https:\\\/\\\/coges.eu\\\/fr\\\/blog\\\/vacances-dete-2025\\\/\"},\"wordCount\":3,\"image\":{\"@id\":\"https:\\\/\\\/coges.eu\\\/fr\\\/blog\\\/vacances-dete-2025\\\/#primaryimage\"},\"thumbnailUrl\":\"https:\\\/\\\/coges.eu\\\/wp-content\\\/uploads\\\/2025\\\/07\\\/summer-1.png\",\"articleSection\":[\"Article\"],\"inLanguage\":\"fr-FR\"},{\"@type\":\"WebPage\",\"@id\":\"https:\\\/\\\/coges.eu\\\/fr\\\/blog\\\/vacances-dete-2025\\\/\",\"url\":\"https:\\\/\\\/coges.eu\\\/fr\\\/blog\\\/vacances-dete-2025\\\/\",\"name\":\"Vacances d\u2019\u00e9t\u00e9 2025 - Coges\",\"isPartOf\":{\"@id\":\"https:\\\/\\\/coges.eu\\\/fr\\\/#website\"},\"primaryImageOfPage\":{\"@id\":\"https:\\\/\\\/coges.eu\\\/fr\\\/blog\\\/vacances-dete-2025\\\/#primaryimage\"},\"image\":{\"@id\":\"https:\\\/\\\/coges.eu\\\/fr\\\/blog\\\/vacances-dete-2025\\\/#primaryimage\"},\"thumbnailUrl\":\"https:\\\/\\\/coges.eu\\\/wp-content\\\/uploads\\\/2025\\\/07\\\/summer-1.png\",\"datePublished\":\"2025-08-04T08:02:26+00:00\",\"dateModified\":\"2025-09-04T08:54:24+00:00\",\"author\":{\"@id\":\"https:\\\/\\\/coges.eu\\\/fr\\\/#\\\/schema\\\/person\\\/3071e2a7a41a5f6e74351c25dfc72f17\"},\"breadcrumb\":{\"@id\":\"https:\\\/\\\/coges.eu\\\/fr\\\/blog\\\/vacances-dete-2025\\\/#breadcrumb\"},\"inLanguage\":\"fr-FR\",\"potentialAction\":[{\"@type\":\"ReadAction\",\"target\":[\"https:\\\/\\\/coges.eu\\\/fr\\\/blog\\\/vacances-dete-2025\\\/\"]}]},{\"@type\":\"ImageObject\",\"inLanguage\":\"fr-FR\",\"@id\":\"https:\\\/\\\/coges.eu\\\/fr\\\/blog\\\/vacances-dete-2025\\\/#primaryimage\",\"url\":\"https:\\\/\\\/coges.eu\\\/wp-content\\\/uploads\\\/2025\\\/07\\\/summer-1.png\",\"contentUrl\":\"https:\\\/\\\/coges.eu\\\/wp-content\\\/uploads\\\/2025\\\/07\\\/summer-1.png\",\"width\":1000,\"height\":563,\"caption\":\"Coges MyKey\"},{\"@type\":\"BreadcrumbList\",\"@id\":\"https:\\\/\\\/coges.eu\\\/fr\\\/blog\\\/vacances-dete-2025\\\/#breadcrumb\",\"itemListElement\":[{\"@type\":\"ListItem\",\"position\":1,\"name\":\"Home\",\"item\":\"https:\\\/\\\/coges.eu\\\/fr\\\/\"},{\"@type\":\"ListItem\",\"position\":2,\"name\":\"Vacances d\u2019\u00e9t\u00e9 2025\"}]},{\"@type\":\"WebSite\",\"@id\":\"https:\\\/\\\/coges.eu\\\/fr\\\/#website\",\"url\":\"https:\\\/\\\/coges.eu\\\/fr\\\/\",\"name\":\"Coges\",\"description\":\"Payment systems and telemetry for vending industry\",\"potentialAction\":[{\"@type\":\"SearchAction\",\"target\":{\"@type\":\"EntryPoint\",\"urlTemplate\":\"https:\\\/\\\/coges.eu\\\/fr\\\/?s={search_term_string}\"},\"query-input\":{\"@type\":\"PropertyValueSpecification\",\"valueRequired\":true,\"valueName\":\"search_term_string\"}}],\"inLanguage\":\"fr-FR\"},{\"@type\":\"Person\",\"@id\":\"https:\\\/\\\/coges.eu\\\/fr\\\/#\\\/schema\\\/person\\\/3071e2a7a41a5f6e74351c25dfc72f17\",\"name\":\"luca\",\"image\":{\"@type\":\"ImageObject\",\"inLanguage\":\"fr-FR\",\"@id\":\"https:\\\/\\\/secure.gravatar.com\\\/avatar\\\/9080cc2929ba8a0601cebf4b573dc9092521ffc33fdd7cd2fd5c6d4aaee09644?s=96&d=mm&r=g\",\"url\":\"https:\\\/\\\/secure.gravatar.com\\\/avatar\\\/9080cc2929ba8a0601cebf4b573dc9092521ffc33fdd7cd2fd5c6d4aaee09644?s=96&d=mm&r=g\",\"contentUrl\":\"https:\\\/\\\/secure.gravatar.com\\\/avatar\\\/9080cc2929ba8a0601cebf4b573dc9092521ffc33fdd7cd2fd5c6d4aaee09644?s=96&d=mm&r=g\",\"caption\":\"luca\"}}]}<\/script>\n<!-- \/ Yoast SEO plugin. -->","yoast_head_json":{"title":"Vacances d\u2019\u00e9t\u00e9 2025 - Coges","robots":{"index":"index","follow":"follow","max-snippet":"max-snippet:-1","max-image-preview":"max-image-preview:large","max-video-preview":"max-video-preview:-1"},"canonical":"https:\/\/coges.eu\/fr\/blog\/vacances-dete-2025\/","og_locale":"fr_FR","og_type":"article","og_title":"Vacances d\u2019\u00e9t\u00e9 2025 - Coges","og_url":"https:\/\/coges.eu\/fr\/blog\/vacances-dete-2025\/","og_site_name":"Coges","article_published_time":"2025-08-04T08:02:26+00:00","article_modified_time":"2025-09-04T08:54:24+00:00","og_image":[{"width":1000,"height":563,"url":"https:\/\/coges.eu\/wp-content\/uploads\/2025\/07\/summer-1.png","type":"image\/png"}],"author":"luca","twitter_card":"summary_large_image","twitter_misc":{"\u00c9crit par":"luca","Dur\u00e9e de lecture estim\u00e9e":"1 minute"},"schema":{"@context":"https:\/\/schema.org","@graph":[{"@type":"Article","@id":"https:\/\/coges.eu\/fr\/blog\/vacances-dete-2025\/#article","isPartOf":{"@id":"https:\/\/coges.eu\/fr\/blog\/vacances-dete-2025\/"},"author":{"name":"luca","@id":"https:\/\/coges.eu\/fr\/#\/schema\/person\/3071e2a7a41a5f6e74351c25dfc72f17"},"headline":"Vacances d\u2019\u00e9t\u00e9 2025","datePublished":"2025-08-04T08:02:26+00:00","dateModified":"2025-09-04T08:54:24+00:00","mainEntityOfPage":{"@id":"https:\/\/coges.eu\/fr\/blog\/vacances-dete-2025\/"},"wordCount":3,"image":{"@id":"https:\/\/coges.eu\/fr\/blog\/vacances-dete-2025\/#primaryimage"},"thumbnailUrl":"https:\/\/coges.eu\/wp-content\/uploads\/2025\/07\/summer-1.png","articleSection":["Article"],"inLanguage":"fr-FR"},{"@type":"WebPage","@id":"https:\/\/coges.eu\/fr\/blog\/vacances-dete-2025\/","url":"https:\/\/coges.eu\/fr\/blog\/vacances-dete-2025\/","name":"Vacances d\u2019\u00e9t\u00e9 2025 - Coges","isPartOf":{"@id":"https:\/\/coges.eu\/fr\/#website"},"primaryImageOfPage":{"@id":"https:\/\/coges.eu\/fr\/blog\/vacances-dete-2025\/#primaryimage"},"image":{"@id":"https:\/\/coges.eu\/fr\/blog\/vacances-dete-2025\/#primaryimage"},"thumbnailUrl":"https:\/\/coges.eu\/wp-content\/uploads\/2025\/07\/summer-1.png","datePublished":"2025-08-04T08:02:26+00:00","dateModified":"2025-09-04T08:54:24+00:00","author":{"@id":"https:\/\/coges.eu\/fr\/#\/schema\/person\/3071e2a7a41a5f6e74351c25dfc72f17"},"breadcrumb":{"@id":"https:\/\/coges.eu\/fr\/blog\/vacances-dete-2025\/#breadcrumb"},"inLanguage":"fr-FR","potentialAction":[{"@type":"ReadAction","target":["https:\/\/coges.eu\/fr\/blog\/vacances-dete-2025\/"]}]},{"@type":"ImageObject","inLanguage":"fr-FR","@id":"https:\/\/coges.eu\/fr\/blog\/vacances-dete-2025\/#primaryimage","url":"https:\/\/coges.eu\/wp-content\/uploads\/2025\/07\/summer-1.png","contentUrl":"https:\/\/coges.eu\/wp-content\/uploads\/2025\/07\/summer-1.png","width":1000,"height":563,"caption":"Coges MyKey"},{"@type":"BreadcrumbList","@id":"https:\/\/coges.eu\/fr\/blog\/vacances-dete-2025\/#breadcrumb","itemListElement":[{"@type":"ListItem","position":1,"name":"Home","item":"https:\/\/coges.eu\/fr\/"},{"@type":"ListItem","position":2,"name":"Vacances d\u2019\u00e9t\u00e9 2025"}]},{"@type":"WebSite","@id":"https:\/\/coges.eu\/fr\/#website","url":"https:\/\/coges.eu\/fr\/","name":"Coges","description":"Payment systems and telemetry for vending industry","potentialAction":[{"@type":"SearchAction","target":{"@type":"EntryPoint","urlTemplate":"https:\/\/coges.eu\/fr\/?s={search_term_string}"},"query-input":{"@type":"PropertyValueSpecification","valueRequired":true,"valueName":"search_term_string"}}],"inLanguage":"fr-FR"},{"@type":"Person","@id":"https:\/\/coges.eu\/fr\/#\/schema\/person\/3071e2a7a41a5f6e74351c25dfc72f17","name":"luca","image":{"@type":"ImageObject","inLanguage":"fr-FR","@id":"https:\/\/secure.gravatar.com\/avatar\/9080cc2929ba8a0601cebf4b573dc9092521ffc33fdd7cd2fd5c6d4aaee09644?s=96&d=mm&r=g","url":"https:\/\/secure.gravatar.com\/avatar\/9080cc2929ba8a0601cebf4b573dc9092521ffc33fdd7cd2fd5c6d4aaee09644?s=96&d=mm&r=g","contentUrl":"https:\/\/secure.gravatar.com\/avatar\/9080cc2929ba8a0601cebf4b573dc9092521ffc33fdd7cd2fd5c6d4aaee09644?s=96&d=mm&r=g","caption":"luca"}}]}},"_links":{"self":[{"href":"https:\/\/coges.eu\/fr\/wp-json\/wp\/v2\/posts\/3911","targetHints":{"allow":["GET"]}}],"collection":[{"href":"https:\/\/coges.eu\/fr\/wp-json\/wp\/v2\/posts"}],"about":[{"href":"https:\/\/coges.eu\/fr\/wp-json\/wp\/v2\/types\/post"}],"author":[{"embeddable":true,"href":"https:\/\/coges.eu\/fr\/wp-json\/wp\/v2\/users\/3"}],"replies":[{"embeddable":true,"href":"https:\/\/coges.eu\/fr\/wp-json\/wp\/v2\/comments?post=3911"}],"version-history":[{"count":1,"href":"https:\/\/coges.eu\/fr\/wp-json\/wp\/v2\/posts\/3911\/revisions"}],"predecessor-version":[{"id":3912,"href":"https:\/\/coges.eu\/fr\/wp-json\/wp\/v2\/posts\/3911\/revisions\/3912"}],"wp:featuredmedia":[{"embeddable":true,"href":"https:\/\/coges.eu\/fr\/wp-json\/wp\/v2\/media\/3851"}],"wp:attachment":[{"href":"https:\/\/coges.eu\/fr\/wp-json\/wp\/v2\/media?parent=3911"}],"wp:term":[{"taxonomy":"category","embeddable":true,"href":"https:\/\/coges.eu\/fr\/wp-json\/wp\/v2\/categories?post=3911"},{"taxonomy":"post_tag","embeddable":true,"href":"https:\/\/coges.eu\/fr\/wp-json\/wp\/v2\/tags?post=3911"}],"curies":[{"name":"wp","href":"https:\/\/api.w.org\/{rel}","templated":true}]}}